{"id":236138,"date":"2017-12-29T18:57:25","date_gmt":"2017-12-29T17:57:25","guid":{"rendered":"https:\/\/avocatdeliege.be\/a-verviers-italiens-renouent-leurs-traditions-cette-periode-de-fetes-televesdre\/"},"modified":"2019-08-29T11:49:20","modified_gmt":"2019-08-29T09:49:20","slug":"a-verviers-italiens-renouent-leurs-traditions-cette-periode-de-fetes-televesdre","status":"publish","type":"post","link":"https:\/\/avocatdeliege.be\/it\/a-verviers-italiens-renouent-leurs-traditions-cette-periode-de-fetes-televesdre\/","title":{"rendered":"\u00c0 Verviers, les Italiens renouent avec leurs traditions en cette p\u00e9riode de f\u00eates ! \u2014 T\u00e9l\u00e9vesdre"},"content":{"rendered":"<div style=\"width: 640px;\" class=\"wp-video\"><video class=\"wp-video-shortcode\" id=\"video-236138-1\" width=\"640\" height=\"360\" preload=\"metadata\" controls=\"controls\"><source type=\"video\/mp4\" src=\"http:\/\/wowza.imust.org\/srv\/vod\/tlv\/new\/AVC-TVE-152862.mp4?_=1\"><a href=\"http:\/\/wowza.imust.org\/srv\/vod\/tlv\/new\/AVC-TVE-152862.mp4\">http:\/\/wowza.imust.org\/srv\/vod\/tlv\/new\/AVC-TVE-152862.mp4<\/a><\/video><\/div>\n<p>Voir la vid\u00e9o et l\u2019article&nbsp;:<\/p>\n<h3 class=\"sujettitle\"><a href=\"https:\/\/www.televesdre.eu\/www\/video\/info\/a-verviers-les-italiens-renouent-avec-leurs-traditions-en-cette-periode-de-fetes-_93913.html\">\u00c0 Verviers, les Italiens renouent avec leurs traditions en cette p\u00e9riode de f\u00eates ! \u2014 T\u00e9l\u00e9vesdre<\/a><\/h3>\n","protected":false},"excerpt":{"rendered":"<p>http:\/\/wowza.imust.org\/srv\/vod\/tlv\/new\/AVC-TVE-152862.mp4 Voir la vid\u00e9o et l\u2019article&nbsp;: \u00c0 Ver\u00adviers, les Ita\u00adliens renouent avec leurs tra\u00addi\u00adtions en cet\u00adte p\u00e9rio\u00adde de f\u00eates ! \u2014 T\u00e9l\u00e9vesdre<\/p>\n","protected":false},"author":2,"featured_media":0,"comment_status":"closed","ping_status":"open","sticky":false,"template":"","format":"video","meta":{"wp_typography_post_enhancements_disabled":false,"footnotes":""},"categories":[104],"tags":[223,401,414,415],"class_list":["post-236138","post","type-post","status-publish","format-video","hentry","category-cultura-it","tag-verviers","tag-italie","tag-verviers-it","tag-italie-it","post_format-post-format-video"],"yoast_head":"<!-- This site is optimized with the Yoast SEO plugin v27.5 - https:\/\/yoast.com\/product\/yoast-seo-wordpress\/ -->\n<title>\u00c0 Verviers, les Italiens renouent avec leurs traditions en cette p\u00e9riode de f\u00eates ! - T\u00e9l\u00e9vesdre &#8211; AVOCAT GEOFFREY DELI\u00c9GE<\/title>\n<meta name=\"description\" content=\"La communaut\u00e9 italienne bien pr\u00e9sente \u00e0 Verviers fait partie de ces communaut\u00e9s qui malgr\u00e9 tout tentent de perp\u00e9tuer encore quelques traditions culinaires\" \/>\n<meta name=\"robots\" content=\"index, follow, max-snippet:-1, max-image-preview:large, max-video-preview:-1\" \/>\n<link rel=\"canonical\" href=\"https:\/\/avocatdeliege.be\/it\/a-verviers-italiens-renouent-leurs-traditions-cette-periode-de-fetes-televesdre\/\" \/>\n<meta property=\"og:locale\" content=\"it_IT\" \/>\n<meta property=\"og:type\" content=\"article\" \/>\n<meta property=\"og:title\" content=\"\u00c0 Verviers, les Italiens renouent avec leurs traditions en cette p\u00e9riode de f\u00eates ! - T\u00e9l\u00e9vesdre &#8211; AVOCAT GEOFFREY DELI\u00c9GE\" \/>\n<meta property=\"og:description\" content=\"La communaut\u00e9 italienne bien pr\u00e9sente \u00e0 Verviers fait partie de ces communaut\u00e9s qui malgr\u00e9 tout tentent de perp\u00e9tuer encore quelques traditions culinaires\" \/>\n<meta property=\"og:url\" content=\"https:\/\/avocatdeliege.be\/it\/a-verviers-italiens-renouent-leurs-traditions-cette-periode-de-fetes-televesdre\/\" \/>\n<meta property=\"og:site_name\" content=\"AVOCAT GEOFFREY DELI\u00c9GE\" \/>\n<meta property=\"article:publisher\" content=\"https:\/\/www.facebook.com\/avocatdeliege\" \/>\n<meta property=\"article:author\" content=\"https:\/\/www.facebook.com\/avocatdeliege\" \/>\n<meta property=\"article:published_time\" content=\"2017-12-29T17:57:25+00:00\" \/>\n<meta property=\"article:modified_time\" content=\"2019-08-29T09:49:20+00:00\" \/>\n<meta property=\"og:image\" content=\"https:\/\/avocatdeliege.be\/wp-content\/uploads\/2015\/12\/144-perronturquoisecarre.png\" \/>\n\t<meta property=\"og:image:width\" content=\"144\" \/>\n\t<meta property=\"og:image:height\" content=\"144\" \/>\n\t<meta property=\"og:image:type\" content=\"image\/png\" \/>\n<meta name=\"author\" content=\"Geoffrey DELI\u00c9GE\" \/>\n<meta name=\"twitter:card\" content=\"summary_large_image\" \/>\n<meta name=\"twitter:creator\" content=\"@avocatdeliege\" \/>\n<meta name=\"twitter:site\" content=\"@avocatdeliege\" \/>\n<meta name=\"twitter:label1\" content=\"Scritto da\" \/>\n\t<meta name=\"twitter:data1\" content=\"Geoffrey DELI\u00c9GE\" \/>\n<script type=\"application\/ld+json\" class=\"yoast-schema-graph\">{\"@context\":\"https:\\\/\\\/schema.org\",\"@graph\":[{\"@type\":\"Article\",\"@id\":\"https:\\\/\\\/avocatdeliege.be\\\/it\\\/a-verviers-italiens-renouent-leurs-traditions-cette-periode-de-fetes-televesdre\\\/#article\",\"isPartOf\":{\"@id\":\"https:\\\/\\\/avocatdeliege.be\\\/it\\\/a-verviers-italiens-renouent-leurs-traditions-cette-periode-de-fetes-televesdre\\\/\"},\"author\":{\"name\":\"Geoffrey DELI\u00c9GE\",\"@id\":\"https:\\\/\\\/avocatdeliege.be\\\/it\\\/#\\\/schema\\\/person\\\/cfd14211d3727f355d938796536b701c\"},\"headline\":\"\u00c0 Verviers, les Italiens renouent avec leurs traditions en cette p\u00e9riode de f\u00eates ! \u2014 T\u00e9l\u00e9vesdre\",\"datePublished\":\"2017-12-29T17:57:25+00:00\",\"dateModified\":\"2019-08-29T09:49:20+00:00\",\"mainEntityOfPage\":{\"@id\":\"https:\\\/\\\/avocatdeliege.be\\\/it\\\/a-verviers-italiens-renouent-leurs-traditions-cette-periode-de-fetes-televesdre\\\/\"},\"wordCount\":53,\"keywords\":[\"Verviers\",\"Italie\",\"Verviers\",\"Italie\"],\"articleSection\":[\"Cultura\"],\"inLanguage\":\"it-IT\"},{\"@type\":\"WebPage\",\"@id\":\"https:\\\/\\\/avocatdeliege.be\\\/it\\\/a-verviers-italiens-renouent-leurs-traditions-cette-periode-de-fetes-televesdre\\\/\",\"url\":\"https:\\\/\\\/avocatdeliege.be\\\/it\\\/a-verviers-italiens-renouent-leurs-traditions-cette-periode-de-fetes-televesdre\\\/\",\"name\":\"\u00c0 Verviers, les Italiens renouent avec leurs traditions en cette p\u00e9riode de f\u00eates ! - T\u00e9l\u00e9vesdre &#8211; AVOCAT GEOFFREY DELI\u00c9GE\",\"isPartOf\":{\"@id\":\"https:\\\/\\\/avocatdeliege.be\\\/it\\\/#website\"},\"datePublished\":\"2017-12-29T17:57:25+00:00\",\"dateModified\":\"2019-08-29T09:49:20+00:00\",\"author\":{\"@id\":\"https:\\\/\\\/avocatdeliege.be\\\/it\\\/#\\\/schema\\\/person\\\/cfd14211d3727f355d938796536b701c\"},\"description\":\"La communaut\u00e9 italienne bien pr\u00e9sente \u00e0 Verviers fait partie de ces communaut\u00e9s qui malgr\u00e9 tout tentent de perp\u00e9tuer encore quelques traditions culinaires\",\"breadcrumb\":{\"@id\":\"https:\\\/\\\/avocatdeliege.be\\\/it\\\/a-verviers-italiens-renouent-leurs-traditions-cette-periode-de-fetes-televesdre\\\/#breadcrumb\"},\"inLanguage\":\"it-IT\",\"potentialAction\":[{\"@type\":\"ReadAction\",\"target\":[\"https:\\\/\\\/avocatdeliege.be\\\/it\\\/a-verviers-italiens-renouent-leurs-traditions-cette-periode-de-fetes-televesdre\\\/\"]}]},{\"@type\":\"BreadcrumbList\",\"@id\":\"https:\\\/\\\/avocatdeliege.be\\\/it\\\/a-verviers-italiens-renouent-leurs-traditions-cette-periode-de-fetes-televesdre\\\/#breadcrumb\",\"itemListElement\":[{\"@type\":\"ListItem\",\"position\":1,\"name\":\"Accueil\",\"item\":\"https:\\\/\\\/avocatdeliege.be\\\/it\\\/\"},{\"@type\":\"ListItem\",\"position\":2,\"name\":\"Cultura\",\"item\":\"https:\\\/\\\/avocatdeliege.be\\\/it\\\/category\\\/cultura-it\\\/\"},{\"@type\":\"ListItem\",\"position\":3,\"name\":\"\u00c0 Verviers, les Italiens renouent avec leurs traditions en cette p\u00e9riode de f\u00eates ! \u2014 T\u00e9l\u00e9vesdre\"}]},{\"@type\":\"WebSite\",\"@id\":\"https:\\\/\\\/avocatdeliege.be\\\/it\\\/#website\",\"url\":\"https:\\\/\\\/avocatdeliege.be\\\/it\\\/\",\"name\":\"Avocat Geoffrey Deli\u00e9ge\",\"description\":\"\",\"potentialAction\":[{\"@type\":\"SearchAction\",\"target\":{\"@type\":\"EntryPoint\",\"urlTemplate\":\"https:\\\/\\\/avocatdeliege.be\\\/it\\\/?s={search_term_string}\"},\"query-input\":{\"@type\":\"PropertyValueSpecification\",\"valueRequired\":true,\"valueName\":\"search_term_string\"}}],\"inLanguage\":\"it-IT\"},{\"@type\":\"Person\",\"@id\":\"https:\\\/\\\/avocatdeliege.be\\\/it\\\/#\\\/schema\\\/person\\\/cfd14211d3727f355d938796536b701c\",\"name\":\"Geoffrey DELI\u00c9GE\",\"image\":{\"@type\":\"ImageObject\",\"inLanguage\":\"it-IT\",\"@id\":\"https:\\\/\\\/avocatdeliege.be\\\/wp-content\\\/uploads\\\/2020\\\/05\\\/201707-96x96.png\",\"url\":\"https:\\\/\\\/avocatdeliege.be\\\/wp-content\\\/uploads\\\/2020\\\/05\\\/201707-96x96.png\",\"contentUrl\":\"https:\\\/\\\/avocatdeliege.be\\\/wp-content\\\/uploads\\\/2020\\\/05\\\/201707-96x96.png\",\"caption\":\"Geoffrey DELI\u00c9GE\"},\"description\":\"Avocat au Barreau de Verviers (Belgique), il pratique depuis 2005 devant les juridictions belges pour repr\u00e9senter des clients internationaux (principalement italiens) et belges. Il a une exp\u00e9rience \u00e9tendue dans les mati\u00e8res civile et commerciale, concernant des litiges tr\u00e8s diversifi\u00e9s en droit des affaires, sp\u00e9cialement en mati\u00e8re de contrats de distribution et d\u2019affaires ayant un caract\u00e8re international.\",\"sameAs\":[\"https:\\\/\\\/avocatdeliege.be\",\"https:\\\/\\\/www.facebook.com\\\/avocatdeliege\",\"https:\\\/\\\/x.com\\\/avocatdeliege\"]}]}<\/script>\n<!-- \/ Yoast SEO plugin. -->","yoast_head_json":{"title":"\u00c0 Verviers, les Italiens renouent avec leurs traditions en cette p\u00e9riode de f\u00eates ! - T\u00e9l\u00e9vesdre &#8211; AVOCAT GEOFFREY DELI\u00c9GE","description":"La communaut\u00e9 italienne bien pr\u00e9sente \u00e0 Verviers fait partie de ces communaut\u00e9s qui malgr\u00e9 tout tentent de perp\u00e9tuer encore quelques traditions culinaires","robots":{"index":"index","follow":"follow","max-snippet":"max-snippet:-1","max-image-preview":"max-image-preview:large","max-video-preview":"max-video-preview:-1"},"canonical":"https:\/\/avocatdeliege.be\/it\/a-verviers-italiens-renouent-leurs-traditions-cette-periode-de-fetes-televesdre\/","og_locale":"it_IT","og_type":"article","og_title":"\u00c0 Verviers, les Italiens renouent avec leurs traditions en cette p\u00e9riode de f\u00eates ! - T\u00e9l\u00e9vesdre &#8211; AVOCAT GEOFFREY DELI\u00c9GE","og_description":"La communaut\u00e9 italienne bien pr\u00e9sente \u00e0 Verviers fait partie de ces communaut\u00e9s qui malgr\u00e9 tout tentent de perp\u00e9tuer encore quelques traditions culinaires","og_url":"https:\/\/avocatdeliege.be\/it\/a-verviers-italiens-renouent-leurs-traditions-cette-periode-de-fetes-televesdre\/","og_site_name":"AVOCAT GEOFFREY DELI\u00c9GE","article_publisher":"https:\/\/www.facebook.com\/avocatdeliege","article_author":"https:\/\/www.facebook.com\/avocatdeliege","article_published_time":"2017-12-29T17:57:25+00:00","article_modified_time":"2019-08-29T09:49:20+00:00","og_image":[{"width":144,"height":144,"url":"https:\/\/avocatdeliege.be\/wp-content\/uploads\/2015\/12\/144-perronturquoisecarre.png","type":"image\/png"}],"author":"Geoffrey DELI\u00c9GE","twitter_card":"summary_large_image","twitter_creator":"@avocatdeliege","twitter_site":"@avocatdeliege","twitter_misc":{"Scritto da":"Geoffrey DELI\u00c9GE"},"schema":{"@context":"https:\/\/schema.org","@graph":[{"@type":"Article","@id":"https:\/\/avocatdeliege.be\/it\/a-verviers-italiens-renouent-leurs-traditions-cette-periode-de-fetes-televesdre\/#article","isPartOf":{"@id":"https:\/\/avocatdeliege.be\/it\/a-verviers-italiens-renouent-leurs-traditions-cette-periode-de-fetes-televesdre\/"},"author":{"name":"Geoffrey DELI\u00c9GE","@id":"https:\/\/avocatdeliege.be\/it\/#\/schema\/person\/cfd14211d3727f355d938796536b701c"},"headline":"\u00c0 Verviers, les Italiens renouent avec leurs traditions en cette p\u00e9riode de f\u00eates ! \u2014 T\u00e9l\u00e9vesdre","datePublished":"2017-12-29T17:57:25+00:00","dateModified":"2019-08-29T09:49:20+00:00","mainEntityOfPage":{"@id":"https:\/\/avocatdeliege.be\/it\/a-verviers-italiens-renouent-leurs-traditions-cette-periode-de-fetes-televesdre\/"},"wordCount":53,"keywords":["Verviers","Italie","Verviers","Italie"],"articleSection":["Cultura"],"inLanguage":"it-IT"},{"@type":"WebPage","@id":"https:\/\/avocatdeliege.be\/it\/a-verviers-italiens-renouent-leurs-traditions-cette-periode-de-fetes-televesdre\/","url":"https:\/\/avocatdeliege.be\/it\/a-verviers-italiens-renouent-leurs-traditions-cette-periode-de-fetes-televesdre\/","name":"\u00c0 Verviers, les Italiens renouent avec leurs traditions en cette p\u00e9riode de f\u00eates ! - T\u00e9l\u00e9vesdre &#8211; AVOCAT GEOFFREY DELI\u00c9GE","isPartOf":{"@id":"https:\/\/avocatdeliege.be\/it\/#website"},"datePublished":"2017-12-29T17:57:25+00:00","dateModified":"2019-08-29T09:49:20+00:00","author":{"@id":"https:\/\/avocatdeliege.be\/it\/#\/schema\/person\/cfd14211d3727f355d938796536b701c"},"description":"La communaut\u00e9 italienne bien pr\u00e9sente \u00e0 Verviers fait partie de ces communaut\u00e9s qui malgr\u00e9 tout tentent de perp\u00e9tuer encore quelques traditions culinaires","breadcrumb":{"@id":"https:\/\/avocatdeliege.be\/it\/a-verviers-italiens-renouent-leurs-traditions-cette-periode-de-fetes-televesdre\/#breadcrumb"},"inLanguage":"it-IT","potentialAction":[{"@type":"ReadAction","target":["https:\/\/avocatdeliege.be\/it\/a-verviers-italiens-renouent-leurs-traditions-cette-periode-de-fetes-televesdre\/"]}]},{"@type":"BreadcrumbList","@id":"https:\/\/avocatdeliege.be\/it\/a-verviers-italiens-renouent-leurs-traditions-cette-periode-de-fetes-televesdre\/#breadcrumb","itemListElement":[{"@type":"ListItem","position":1,"name":"Accueil","item":"https:\/\/avocatdeliege.be\/it\/"},{"@type":"ListItem","position":2,"name":"Cultura","item":"https:\/\/avocatdeliege.be\/it\/category\/cultura-it\/"},{"@type":"ListItem","position":3,"name":"\u00c0 Verviers, les Italiens renouent avec leurs traditions en cette p\u00e9riode de f\u00eates ! \u2014 T\u00e9l\u00e9vesdre"}]},{"@type":"WebSite","@id":"https:\/\/avocatdeliege.be\/it\/#website","url":"https:\/\/avocatdeliege.be\/it\/","name":"Avocat Geoffrey Deli\u00e9ge","description":"","potentialAction":[{"@type":"SearchAction","target":{"@type":"EntryPoint","urlTemplate":"https:\/\/avocatdeliege.be\/it\/?s={search_term_string}"},"query-input":{"@type":"PropertyValueSpecification","valueRequired":true,"valueName":"search_term_string"}}],"inLanguage":"it-IT"},{"@type":"Person","@id":"https:\/\/avocatdeliege.be\/it\/#\/schema\/person\/cfd14211d3727f355d938796536b701c","name":"Geoffrey DELI\u00c9GE","image":{"@type":"ImageObject","inLanguage":"it-IT","@id":"https:\/\/avocatdeliege.be\/wp-content\/uploads\/2020\/05\/201707-96x96.png","url":"https:\/\/avocatdeliege.be\/wp-content\/uploads\/2020\/05\/201707-96x96.png","contentUrl":"https:\/\/avocatdeliege.be\/wp-content\/uploads\/2020\/05\/201707-96x96.png","caption":"Geoffrey DELI\u00c9GE"},"description":"Avocat au Barreau de Verviers (Belgique), il pratique depuis 2005 devant les juridictions belges pour repr\u00e9senter des clients internationaux (principalement italiens) et belges. Il a une exp\u00e9rience \u00e9tendue dans les mati\u00e8res civile et commerciale, concernant des litiges tr\u00e8s diversifi\u00e9s en droit des affaires, sp\u00e9cialement en mati\u00e8re de contrats de distribution et d\u2019affaires ayant un caract\u00e8re international.","sameAs":["https:\/\/avocatdeliege.be","https:\/\/www.facebook.com\/avocatdeliege","https:\/\/x.com\/avocatdeliege"]}]}},"_links":{"self":[{"href":"https:\/\/avocatdeliege.be\/it\/wp-json\/wp\/v2\/posts\/236138","targetHints":{"allow":["GET"]}}],"collection":[{"href":"https:\/\/avocatdeliege.be\/it\/wp-json\/wp\/v2\/posts"}],"about":[{"href":"https:\/\/avocatdeliege.be\/it\/wp-json\/wp\/v2\/types\/post"}],"author":[{"embeddable":true,"href":"https:\/\/avocatdeliege.be\/it\/wp-json\/wp\/v2\/users\/2"}],"replies":[{"embeddable":true,"href":"https:\/\/avocatdeliege.be\/it\/wp-json\/wp\/v2\/comments?post=236138"}],"version-history":[{"count":1,"href":"https:\/\/avocatdeliege.be\/it\/wp-json\/wp\/v2\/posts\/236138\/revisions"}],"predecessor-version":[{"id":236141,"href":"https:\/\/avocatdeliege.be\/it\/wp-json\/wp\/v2\/posts\/236138\/revisions\/236141"}],"wp:attachment":[{"href":"https:\/\/avocatdeliege.be\/it\/wp-json\/wp\/v2\/media?parent=236138"}],"wp:term":[{"taxonomy":"category","embeddable":true,"href":"https:\/\/avocatdeliege.be\/it\/wp-json\/wp\/v2\/categories?post=236138"},{"taxonomy":"post_tag","embeddable":true,"href":"https:\/\/avocatdeliege.be\/it\/wp-json\/wp\/v2\/tags?post=236138"}],"curies":[{"name":"wp","href":"https:\/\/api.w.org\/{rel}","templated":true}]}}