{"id":206242,"date":"2015-11-23T10:51:36","date_gmt":"2015-11-23T09:51:36","guid":{"rendered":"https:\/\/avocatdeliege.be\/?p=206242"},"modified":"2019-08-29T11:50:23","modified_gmt":"2019-08-29T09:50:23","slug":"dice-i-belgi-o-i-belghi","status":"publish","type":"post","link":"https:\/\/avocatdeliege.be\/it\/dice-i-belgi-o-i-belghi\/","title":{"rendered":"Si dice \u201ci belgi\u201d o \u201ci belghi\u201d?"},"content":{"rendered":"<div class=\"fusion-fullwidth fullwidth-box fusion-builder-row-1 nonhundred-percent-fullwidth non-hundred-percent-height-scrolling\" style=\"--awb-border-radius-top-left:0px;--awb-border-radius-top-right:0px;--awb-border-radius-bottom-right:0px;--awb-border-radius-bottom-left:0px;--awb-flex-wrap:wrap;\"><div class=\"fusion-builder-row fusion-row\"><div class=\"fusion-layout-column fusion_builder_column fusion-builder-column-0 fusion_builder_column_1_1 1_1 fusion-one-full fusion-column-first fusion-column-last\" style=\"--awb-bg-size:cover;--awb-margin-bottom:0px;\"><div class=\"fusion-column-wrapper fusion-flex-column-wrapper-legacy\"><div class=\"fusion-video fusion-youtube fusion-aligncenter\" style=\"--awb-max-width:600px;--awb-max-height:360px;--awb-width:100%;\"><div class=\"video-shortcode\"><div class=\"fluid-width-video-wrapper\" style=\"padding-top:60%;\"><iframe title=\"YouTube video player 1\" src=\"https:\/\/www.youtube.com\/embed\/KfDbtL93wow?wmode=transparent&amp;autoplay=0\" width=\"600\" height=\"360\" allowfullscreen allow=\"autoplay; clipboard-write; encrypted-media; gyroscope; picture-in-picture;\"><\/iframe><\/div><\/div><\/div><div class=\"fusion-text fusion-text-1\"><blockquote>\n<div>Que\u00adsta pre\u00admes\u00adsa, per dir\u00advi che <b>il plu\u00adra\u00adle di \u201cbel\u00adga\u201d \u00e8 \u201cbel\u00adgi\u201d<\/b> per\u00adch\u00e9 for\u00adse ha risen\u00adti\u00adto del\u00adl\u2019in\u00adfluen\u00adza del\u00adla paro\u00adla Bel\u00adgio, e del nome fran\u00adce\u00adse degli abi\u00adtan\u00adti, <i>Bel\u00adges<\/i>. <a href=\"http:\/\/www.accademiadellacrusca.it\/it\/lingua-italiana\/consulenza-linguistica\/domande-risposte\/plurali-difficili-parole-uscenti-cia-gia\">Ne par\u00adla in modo mol\u00adto pre\u00adci\u00adso la Cru\u00adsca<\/a>:<\/div>\n<div><\/div>\n<div><i>\u201c[\u2026] <\/i>Bel\u00adga <i>rap\u00adpre\u00adsen\u00adta l\u2019u\u00adni\u00adca ecce\u00adzio\u00adne a que\u00adsta rego\u00adla, e ha come plu\u00adra\u00adle <\/i>bel\u00adgi<i>, pro\u00adba\u00adbil\u00admen\u00adte per influen\u00adza del nome del\u00adla nazio\u00adne, <\/i>Bel\u00adgio<i>, e del nome fran\u00adce\u00adse degli abi\u00adtan\u00adti, <\/i>Bel\u00adges<i>. Per quan\u00adto riguar\u00adda il fem\u00admi\u00adni\u00adle, <b>il plu\u00adra\u00adle \u00e8 rego\u00adlar\u00admen\u00adte bel\u00adghe<\/b>\u201d.<\/i><\/div>\n<\/blockquote>\n<div>Leg\u00adge\u00adre l\u2019ar\u00adti\u00adco\u00adlo completo:<\/div>\n<div>\n<h3><a href=\"http:\/\/www.linkuaggio.com\/2014\/05\/si-dice-i-belgi-o-i-belghi-quando-la.html\">Michele Rainone, \u201cSi dice \u201ci belgi\u201d o \u201ci belghi\u201d? Quando la grammatica non detta le regole\u201d<\/a><\/h3>\n<\/div>\n<\/div><div class=\"fusion-clearfix\"><\/div><\/div><\/div><div class=\"fusion-layout-column fusion_builder_column fusion-builder-column-1 fusion_builder_column_1_1 1_1 fusion-one-full fusion-column-first fusion-column-last\" style=\"--awb-bg-size:cover;\"><div class=\"fusion-column-wrapper fusion-flex-column-wrapper-legacy\"><div class=\"fusion-text fusion-text-2\"><p>Vede\u00adre&nbsp;anche:<\/p>\n<h3><a href=\"http:\/\/www.accademiadellacrusca.it\/it\/lingua-italiana\/consulenza-linguistica\/domande-risposte\/plurali-difficili-parole-uscenti-cia-gia\">Plurali difficili delle parole uscenti in \u2011cia e \u2011gia \u2014 <em><strong>Accademia della Crusca<\/strong><\/em><\/a><\/h3>\n<\/div><div class=\"fusion-clearfix\"><\/div><\/div><\/div><\/div><\/div>\n","protected":false},"excerpt":{"rendered":"","protected":false},"author":2,"featured_media":10831,"comment_status":"closed","ping_status":"open","sticky":false,"template":"","format":"quote","meta":{"wp_typography_post_enhancements_disabled":false,"footnotes":""},"categories":[104],"tags":[290,392],"class_list":["post-206242","post","type-post","status-publish","format-quote","has-post-thumbnail","hentry","category-cultura-it","tag-belgio","tag-lingua-italiana","post_format-post-format-quote"],"yoast_head":"<!-- This site is optimized with the Yoast SEO plugin v27.5 - https:\/\/yoast.com\/product\/yoast-seo-wordpress\/ -->\n<title>Si dice &quot;i belgi&quot; o &quot;i belghi&quot;? &#8211; AVOCAT GEOFFREY DELI\u00c9GE<\/title>\n<meta name=\"robots\" content=\"index, follow, max-snippet:-1, max-image-preview:large, max-video-preview:-1\" \/>\n<link rel=\"canonical\" href=\"https:\/\/avocatdeliege.be\/it\/dice-i-belgi-o-i-belghi\/\" \/>\n<meta property=\"og:locale\" content=\"it_IT\" \/>\n<meta property=\"og:type\" content=\"article\" \/>\n<meta property=\"og:title\" content=\"Si dice &quot;i belgi&quot; o &quot;i belghi&quot;? &#8211; AVOCAT GEOFFREY DELI\u00c9GE\" \/>\n<meta property=\"og:url\" content=\"https:\/\/avocatdeliege.be\/it\/dice-i-belgi-o-i-belghi\/\" \/>\n<meta property=\"og:site_name\" content=\"AVOCAT GEOFFREY DELI\u00c9GE\" \/>\n<meta property=\"article:publisher\" content=\"https:\/\/www.facebook.com\/avocatdeliege\" \/>\n<meta property=\"article:author\" content=\"https:\/\/www.facebook.com\/avocatdeliege\" \/>\n<meta property=\"article:published_time\" content=\"2015-11-23T09:51:36+00:00\" \/>\n<meta property=\"article:modified_time\" content=\"2019-08-29T09:50:23+00:00\" \/>\n<meta property=\"og:image\" content=\"https:\/\/avocatdeliege.be\/wp-content\/uploads\/2014\/07\/BE1.jpg\" \/>\n\t<meta property=\"og:image:width\" content=\"1280\" \/>\n\t<meta property=\"og:image:height\" content=\"851\" \/>\n\t<meta property=\"og:image:type\" content=\"image\/jpeg\" \/>\n<meta name=\"author\" content=\"Geoffrey DELI\u00c9GE\" \/>\n<meta name=\"twitter:card\" content=\"summary_large_image\" \/>\n<meta name=\"twitter:creator\" content=\"@avocatdeliege\" \/>\n<meta name=\"twitter:site\" content=\"@avocatdeliege\" \/>\n<meta name=\"twitter:label1\" content=\"Scritto da\" \/>\n\t<meta name=\"twitter:data1\" content=\"Geoffrey DELI\u00c9GE\" \/>\n\t<meta name=\"twitter:label2\" content=\"Tempo di lettura stimato\" \/>\n\t<meta name=\"twitter:data2\" content=\"2 minuti\" \/>\n<script type=\"application\/ld+json\" class=\"yoast-schema-graph\">{\"@context\":\"https:\\\/\\\/schema.org\",\"@graph\":[{\"@type\":\"Article\",\"@id\":\"https:\\\/\\\/avocatdeliege.be\\\/it\\\/dice-i-belgi-o-i-belghi\\\/#article\",\"isPartOf\":{\"@id\":\"https:\\\/\\\/avocatdeliege.be\\\/it\\\/dice-i-belgi-o-i-belghi\\\/\"},\"author\":{\"name\":\"Geoffrey DELI\u00c9GE\",\"@id\":\"https:\\\/\\\/avocatdeliege.be\\\/it\\\/#\\\/schema\\\/person\\\/cfd14211d3727f355d938796536b701c\"},\"headline\":\"Si dice \u201ci belgi\u201d o \u201ci belghi\u201d?\",\"datePublished\":\"2015-11-23T09:51:36+00:00\",\"dateModified\":\"2019-08-29T09:50:23+00:00\",\"mainEntityOfPage\":{\"@id\":\"https:\\\/\\\/avocatdeliege.be\\\/it\\\/dice-i-belgi-o-i-belghi\\\/\"},\"wordCount\":353,\"image\":{\"@id\":\"https:\\\/\\\/avocatdeliege.be\\\/it\\\/dice-i-belgi-o-i-belghi\\\/#primaryimage\"},\"thumbnailUrl\":\"https:\\\/\\\/avocatdeliege.be\\\/wp-content\\\/uploads\\\/2014\\\/07\\\/BE1.jpg\",\"keywords\":[\"Belgio\",\"Lingua italiana\"],\"articleSection\":[\"Cultura\"],\"inLanguage\":\"it-IT\"},{\"@type\":\"WebPage\",\"@id\":\"https:\\\/\\\/avocatdeliege.be\\\/it\\\/dice-i-belgi-o-i-belghi\\\/\",\"url\":\"https:\\\/\\\/avocatdeliege.be\\\/it\\\/dice-i-belgi-o-i-belghi\\\/\",\"name\":\"Si dice \\\"i belgi\\\" o \\\"i belghi\\\"? &#8211; AVOCAT GEOFFREY DELI\u00c9GE\",\"isPartOf\":{\"@id\":\"https:\\\/\\\/avocatdeliege.be\\\/it\\\/#website\"},\"primaryImageOfPage\":{\"@id\":\"https:\\\/\\\/avocatdeliege.be\\\/it\\\/dice-i-belgi-o-i-belghi\\\/#primaryimage\"},\"image\":{\"@id\":\"https:\\\/\\\/avocatdeliege.be\\\/it\\\/dice-i-belgi-o-i-belghi\\\/#primaryimage\"},\"thumbnailUrl\":\"https:\\\/\\\/avocatdeliege.be\\\/wp-content\\\/uploads\\\/2014\\\/07\\\/BE1.jpg\",\"datePublished\":\"2015-11-23T09:51:36+00:00\",\"dateModified\":\"2019-08-29T09:50:23+00:00\",\"author\":{\"@id\":\"https:\\\/\\\/avocatdeliege.be\\\/it\\\/#\\\/schema\\\/person\\\/cfd14211d3727f355d938796536b701c\"},\"breadcrumb\":{\"@id\":\"https:\\\/\\\/avocatdeliege.be\\\/it\\\/dice-i-belgi-o-i-belghi\\\/#breadcrumb\"},\"inLanguage\":\"it-IT\",\"potentialAction\":[{\"@type\":\"ReadAction\",\"target\":[\"https:\\\/\\\/avocatdeliege.be\\\/it\\\/dice-i-belgi-o-i-belghi\\\/\"]}]},{\"@type\":\"ImageObject\",\"inLanguage\":\"it-IT\",\"@id\":\"https:\\\/\\\/avocatdeliege.be\\\/it\\\/dice-i-belgi-o-i-belghi\\\/#primaryimage\",\"url\":\"https:\\\/\\\/avocatdeliege.be\\\/wp-content\\\/uploads\\\/2014\\\/07\\\/BE1.jpg\",\"contentUrl\":\"https:\\\/\\\/avocatdeliege.be\\\/wp-content\\\/uploads\\\/2014\\\/07\\\/BE1.jpg\",\"width\":1280,\"height\":851,\"caption\":\"Drapeau belge\"},{\"@type\":\"BreadcrumbList\",\"@id\":\"https:\\\/\\\/avocatdeliege.be\\\/it\\\/dice-i-belgi-o-i-belghi\\\/#breadcrumb\",\"itemListElement\":[{\"@type\":\"ListItem\",\"position\":1,\"name\":\"Accueil\",\"item\":\"https:\\\/\\\/avocatdeliege.be\\\/it\\\/\"},{\"@type\":\"ListItem\",\"position\":2,\"name\":\"Cultura\",\"item\":\"https:\\\/\\\/avocatdeliege.be\\\/it\\\/category\\\/cultura-it\\\/\"},{\"@type\":\"ListItem\",\"position\":3,\"name\":\"Si dice \u201ci belgi\u201d o \u201ci belghi\u201d?\"}]},{\"@type\":\"WebSite\",\"@id\":\"https:\\\/\\\/avocatdeliege.be\\\/it\\\/#website\",\"url\":\"https:\\\/\\\/avocatdeliege.be\\\/it\\\/\",\"name\":\"Avocat Geoffrey Deli\u00e9ge\",\"description\":\"\",\"potentialAction\":[{\"@type\":\"SearchAction\",\"target\":{\"@type\":\"EntryPoint\",\"urlTemplate\":\"https:\\\/\\\/avocatdeliege.be\\\/it\\\/?s={search_term_string}\"},\"query-input\":{\"@type\":\"PropertyValueSpecification\",\"valueRequired\":true,\"valueName\":\"search_term_string\"}}],\"inLanguage\":\"it-IT\"},{\"@type\":\"Person\",\"@id\":\"https:\\\/\\\/avocatdeliege.be\\\/it\\\/#\\\/schema\\\/person\\\/cfd14211d3727f355d938796536b701c\",\"name\":\"Geoffrey DELI\u00c9GE\",\"image\":{\"@type\":\"ImageObject\",\"inLanguage\":\"it-IT\",\"@id\":\"https:\\\/\\\/avocatdeliege.be\\\/wp-content\\\/uploads\\\/2020\\\/05\\\/201707-96x96.png\",\"url\":\"https:\\\/\\\/avocatdeliege.be\\\/wp-content\\\/uploads\\\/2020\\\/05\\\/201707-96x96.png\",\"contentUrl\":\"https:\\\/\\\/avocatdeliege.be\\\/wp-content\\\/uploads\\\/2020\\\/05\\\/201707-96x96.png\",\"caption\":\"Geoffrey DELI\u00c9GE\"},\"description\":\"Avocat au Barreau de Verviers (Belgique), il pratique depuis 2005 devant les juridictions belges pour repr\u00e9senter des clients internationaux (principalement italiens) et belges. Il a une exp\u00e9rience \u00e9tendue dans les mati\u00e8res civile et commerciale, concernant des litiges tr\u00e8s diversifi\u00e9s en droit des affaires, sp\u00e9cialement en mati\u00e8re de contrats de distribution et d\u2019affaires ayant un caract\u00e8re international.\",\"sameAs\":[\"https:\\\/\\\/avocatdeliege.be\",\"https:\\\/\\\/www.facebook.com\\\/avocatdeliege\",\"https:\\\/\\\/x.com\\\/avocatdeliege\"]}]}<\/script>\n<!-- \/ Yoast SEO plugin. -->","yoast_head_json":{"title":"Si dice \"i belgi\" o \"i belghi\"? &#8211; AVOCAT GEOFFREY DELI\u00c9GE","robots":{"index":"index","follow":"follow","max-snippet":"max-snippet:-1","max-image-preview":"max-image-preview:large","max-video-preview":"max-video-preview:-1"},"canonical":"https:\/\/avocatdeliege.be\/it\/dice-i-belgi-o-i-belghi\/","og_locale":"it_IT","og_type":"article","og_title":"Si dice \"i belgi\" o \"i belghi\"? &#8211; AVOCAT GEOFFREY DELI\u00c9GE","og_url":"https:\/\/avocatdeliege.be\/it\/dice-i-belgi-o-i-belghi\/","og_site_name":"AVOCAT GEOFFREY DELI\u00c9GE","article_publisher":"https:\/\/www.facebook.com\/avocatdeliege","article_author":"https:\/\/www.facebook.com\/avocatdeliege","article_published_time":"2015-11-23T09:51:36+00:00","article_modified_time":"2019-08-29T09:50:23+00:00","og_image":[{"width":1280,"height":851,"url":"https:\/\/avocatdeliege.be\/wp-content\/uploads\/2014\/07\/BE1.jpg","type":"image\/jpeg"}],"author":"Geoffrey DELI\u00c9GE","twitter_card":"summary_large_image","twitter_creator":"@avocatdeliege","twitter_site":"@avocatdeliege","twitter_misc":{"Scritto da":"Geoffrey DELI\u00c9GE","Tempo di lettura stimato":"2 minuti"},"schema":{"@context":"https:\/\/schema.org","@graph":[{"@type":"Article","@id":"https:\/\/avocatdeliege.be\/it\/dice-i-belgi-o-i-belghi\/#article","isPartOf":{"@id":"https:\/\/avocatdeliege.be\/it\/dice-i-belgi-o-i-belghi\/"},"author":{"name":"Geoffrey DELI\u00c9GE","@id":"https:\/\/avocatdeliege.be\/it\/#\/schema\/person\/cfd14211d3727f355d938796536b701c"},"headline":"Si dice \u201ci belgi\u201d o \u201ci belghi\u201d?","datePublished":"2015-11-23T09:51:36+00:00","dateModified":"2019-08-29T09:50:23+00:00","mainEntityOfPage":{"@id":"https:\/\/avocatdeliege.be\/it\/dice-i-belgi-o-i-belghi\/"},"wordCount":353,"image":{"@id":"https:\/\/avocatdeliege.be\/it\/dice-i-belgi-o-i-belghi\/#primaryimage"},"thumbnailUrl":"https:\/\/avocatdeliege.be\/wp-content\/uploads\/2014\/07\/BE1.jpg","keywords":["Belgio","Lingua italiana"],"articleSection":["Cultura"],"inLanguage":"it-IT"},{"@type":"WebPage","@id":"https:\/\/avocatdeliege.be\/it\/dice-i-belgi-o-i-belghi\/","url":"https:\/\/avocatdeliege.be\/it\/dice-i-belgi-o-i-belghi\/","name":"Si dice \"i belgi\" o \"i belghi\"? &#8211; AVOCAT GEOFFREY DELI\u00c9GE","isPartOf":{"@id":"https:\/\/avocatdeliege.be\/it\/#website"},"primaryImageOfPage":{"@id":"https:\/\/avocatdeliege.be\/it\/dice-i-belgi-o-i-belghi\/#primaryimage"},"image":{"@id":"https:\/\/avocatdeliege.be\/it\/dice-i-belgi-o-i-belghi\/#primaryimage"},"thumbnailUrl":"https:\/\/avocatdeliege.be\/wp-content\/uploads\/2014\/07\/BE1.jpg","datePublished":"2015-11-23T09:51:36+00:00","dateModified":"2019-08-29T09:50:23+00:00","author":{"@id":"https:\/\/avocatdeliege.be\/it\/#\/schema\/person\/cfd14211d3727f355d938796536b701c"},"breadcrumb":{"@id":"https:\/\/avocatdeliege.be\/it\/dice-i-belgi-o-i-belghi\/#breadcrumb"},"inLanguage":"it-IT","potentialAction":[{"@type":"ReadAction","target":["https:\/\/avocatdeliege.be\/it\/dice-i-belgi-o-i-belghi\/"]}]},{"@type":"ImageObject","inLanguage":"it-IT","@id":"https:\/\/avocatdeliege.be\/it\/dice-i-belgi-o-i-belghi\/#primaryimage","url":"https:\/\/avocatdeliege.be\/wp-content\/uploads\/2014\/07\/BE1.jpg","contentUrl":"https:\/\/avocatdeliege.be\/wp-content\/uploads\/2014\/07\/BE1.jpg","width":1280,"height":851,"caption":"Drapeau belge"},{"@type":"BreadcrumbList","@id":"https:\/\/avocatdeliege.be\/it\/dice-i-belgi-o-i-belghi\/#breadcrumb","itemListElement":[{"@type":"ListItem","position":1,"name":"Accueil","item":"https:\/\/avocatdeliege.be\/it\/"},{"@type":"ListItem","position":2,"name":"Cultura","item":"https:\/\/avocatdeliege.be\/it\/category\/cultura-it\/"},{"@type":"ListItem","position":3,"name":"Si dice \u201ci belgi\u201d o \u201ci belghi\u201d?"}]},{"@type":"WebSite","@id":"https:\/\/avocatdeliege.be\/it\/#website","url":"https:\/\/avocatdeliege.be\/it\/","name":"Avocat Geoffrey Deli\u00e9ge","description":"","potentialAction":[{"@type":"SearchAction","target":{"@type":"EntryPoint","urlTemplate":"https:\/\/avocatdeliege.be\/it\/?s={search_term_string}"},"query-input":{"@type":"PropertyValueSpecification","valueRequired":true,"valueName":"search_term_string"}}],"inLanguage":"it-IT"},{"@type":"Person","@id":"https:\/\/avocatdeliege.be\/it\/#\/schema\/person\/cfd14211d3727f355d938796536b701c","name":"Geoffrey DELI\u00c9GE","image":{"@type":"ImageObject","inLanguage":"it-IT","@id":"https:\/\/avocatdeliege.be\/wp-content\/uploads\/2020\/05\/201707-96x96.png","url":"https:\/\/avocatdeliege.be\/wp-content\/uploads\/2020\/05\/201707-96x96.png","contentUrl":"https:\/\/avocatdeliege.be\/wp-content\/uploads\/2020\/05\/201707-96x96.png","caption":"Geoffrey DELI\u00c9GE"},"description":"Avocat au Barreau de Verviers (Belgique), il pratique depuis 2005 devant les juridictions belges pour repr\u00e9senter des clients internationaux (principalement italiens) et belges. Il a une exp\u00e9rience \u00e9tendue dans les mati\u00e8res civile et commerciale, concernant des litiges tr\u00e8s diversifi\u00e9s en droit des affaires, sp\u00e9cialement en mati\u00e8re de contrats de distribution et d\u2019affaires ayant un caract\u00e8re international.","sameAs":["https:\/\/avocatdeliege.be","https:\/\/www.facebook.com\/avocatdeliege","https:\/\/x.com\/avocatdeliege"]}]}},"_links":{"self":[{"href":"https:\/\/avocatdeliege.be\/it\/wp-json\/wp\/v2\/posts\/206242","targetHints":{"allow":["GET"]}}],"collection":[{"href":"https:\/\/avocatdeliege.be\/it\/wp-json\/wp\/v2\/posts"}],"about":[{"href":"https:\/\/avocatdeliege.be\/it\/wp-json\/wp\/v2\/types\/post"}],"author":[{"embeddable":true,"href":"https:\/\/avocatdeliege.be\/it\/wp-json\/wp\/v2\/users\/2"}],"replies":[{"embeddable":true,"href":"https:\/\/avocatdeliege.be\/it\/wp-json\/wp\/v2\/comments?post=206242"}],"version-history":[{"count":5,"href":"https:\/\/avocatdeliege.be\/it\/wp-json\/wp\/v2\/posts\/206242\/revisions"}],"predecessor-version":[{"id":206284,"href":"https:\/\/avocatdeliege.be\/it\/wp-json\/wp\/v2\/posts\/206242\/revisions\/206284"}],"wp:featuredmedia":[{"embeddable":true,"href":"https:\/\/avocatdeliege.be\/it\/wp-json\/wp\/v2\/media\/10831"}],"wp:attachment":[{"href":"https:\/\/avocatdeliege.be\/it\/wp-json\/wp\/v2\/media?parent=206242"}],"wp:term":[{"taxonomy":"category","embeddable":true,"href":"https:\/\/avocatdeliege.be\/it\/wp-json\/wp\/v2\/categories?post=206242"},{"taxonomy":"post_tag","embeddable":true,"href":"https:\/\/avocatdeliege.be\/it\/wp-json\/wp\/v2\/tags?post=206242"}],"curies":[{"name":"wp","href":"https:\/\/api.w.org\/{rel}","templated":true}]}}